{"id":1102,"date":"2015-01-24T18:14:46","date_gmt":"2015-01-24T16:14:46","guid":{"rendered":"http:\/\/www.veloverlad.ch\/?p=1102"},"modified":"2015-01-24T18:25:36","modified_gmt":"2015-01-24T16:25:36","slug":"in-wien-an-die-bretagne-denken","status":"publish","type":"post","link":"https:\/\/www.veloverlad.ch\/?p=1102","title":{"rendered":"In Wien an die Bretagne denken"},"content":{"rendered":"<p>W\u00e4hrend ich hier am Hauptbahnhof Wien auf meinen Nachtzug zur\u00fcck nach Biel warte, kann ich mich kurz strukturieren und meinen Plan <strong>&#8222;Bretagne Overdose&#8220;<\/strong> durchdenken. Das heisst, mal rekapitulieren, warum ich letzten Sommer wieder mal die Ferien dort spontan um eine Woche verl\u00e4ngert habe, was soviel gekostet hat wie die ganzen zwei Wochen vorher. Und, noch schlimmer, warum ich bei der Abreise den Campingplatzbetreiber auf einen Pauschalpreis f\u00fcr diesen Sommer ansprach, ich dachte an zweieinhalb Monate, von Mitte Juni bis Ende August.<\/p>\n<p>Ich weiss jetzt wieder, was es war.<\/p>\n<p>Es war die Vorspeise.<\/p>\n<div id=\"attachment_1103\" style=\"width: 810px\" class=\"wp-caption alignnone\"><a href=\"http:\/\/www.veloverlad.ch\/wp-content\/uploads\/2015\/01\/vorspeise.jpg\"><img aria-describedby=\"caption-attachment-1103\" loading=\"lazy\" class=\"size-full wp-image-1103\" title=\"vorspeise\" src=\"http:\/\/www.veloverlad.ch\/wp-content\/uploads\/2015\/01\/vorspeise.jpg\" alt=\"Vorspeise\" width=\"800\" height=\"534\" srcset=\"https:\/\/www.veloverlad.ch\/wp-content\/uploads\/2015\/01\/vorspeise.jpg 800w, https:\/\/www.veloverlad.ch\/wp-content\/uploads\/2015\/01\/vorspeise-300x200.jpg 300w\" sizes=\"(max-width: 800px) 100vw, 800px\" \/><\/a><p id=\"caption-attachment-1103\" class=\"wp-caption-text\">Ein Donnerstag mittag, die Vorspeise<\/p><\/div>\n<p>Nicht zu reden vom Ap\u00e9ro vorher, n\u00e4xtes Bild, bitte:<\/p>\n<div id=\"attachment_1109\" style=\"width: 810px\" class=\"wp-caption alignnone\"><a href=\"http:\/\/www.veloverlad.ch\/wp-content\/uploads\/2015\/01\/apero.jpg\"><img aria-describedby=\"caption-attachment-1109\" loading=\"lazy\" class=\"size-full wp-image-1109\" title=\"apero\" src=\"http:\/\/www.veloverlad.ch\/wp-content\/uploads\/2015\/01\/apero.jpg\" alt=\"apero\" width=\"800\" height=\"534\" srcset=\"https:\/\/www.veloverlad.ch\/wp-content\/uploads\/2015\/01\/apero.jpg 800w, https:\/\/www.veloverlad.ch\/wp-content\/uploads\/2015\/01\/apero-300x200.jpg 300w\" sizes=\"(max-width: 800px) 100vw, 800px\" \/><\/a><p id=\"caption-attachment-1109\" class=\"wp-caption-text\">Das war nur der Ap\u00e9ro, vom Buffet, \u00e0 volont\u00e9!<\/p><\/div>\n<p>Ich fasse kurz zusammen, wo wir aktuell stehen: Ap\u00e9ro vom Buffet, Wurst Salat K\u00e4s Crevetten Pastete auch, alles soviel man wollte. Schon nur der Gedanke&#8230;.<\/p>\n<p>Dann die Vorspeise, Berner Platte sozusagen.<\/p>\n<p>Und dann kam&#8217;s.<\/p>\n<div id=\"attachment_1105\" style=\"width: 810px\" class=\"wp-caption alignnone\"><a href=\"http:\/\/www.veloverlad.ch\/wp-content\/uploads\/2015\/01\/tete-de-veau-et-moi.jpg\"><img aria-describedby=\"caption-attachment-1105\" loading=\"lazy\" class=\"size-full wp-image-1105\" title=\"tete de veau et moi\" src=\"http:\/\/www.veloverlad.ch\/wp-content\/uploads\/2015\/01\/tete-de-veau-et-moi.jpg\" alt=\"T\u00eate de veau\" width=\"800\" height=\"534\" srcset=\"https:\/\/www.veloverlad.ch\/wp-content\/uploads\/2015\/01\/tete-de-veau-et-moi.jpg 800w, https:\/\/www.veloverlad.ch\/wp-content\/uploads\/2015\/01\/tete-de-veau-et-moi-300x200.jpg 300w\" sizes=\"(max-width: 800px) 100vw, 800px\" \/><\/a><p id=\"caption-attachment-1105\" class=\"wp-caption-text\">Ein Kalbskopf und ein Kindskopf<\/p><\/div>\n<p>Es gab einen ganzen Kalbskopf, wir hatten es wirklich nicht glauben wollen. Mit Hirn, Zunge, Backen, Gaumen, einfach alles. Bloss die Haut war nicht mehr dran. Schade. Man musste f\u00fcr mindestens vier Personen reservieren, pro Person 26 Euro oder sowas, ohne Getr\u00e4nke. Ich konnte eine belgische Familie shanghaien, mich zu begleiten, sonst w\u00e4re dieser Kopf an mir vor\u00fcber gegangen. W\u00e4re doch ewig schad gewesen, sieht man, oder?<\/p>\n<p>Ich bin so aufgeregt, habe ich diese Bilder jetzt auf meinen Notebook wieder gefunden. Und ich habe gar nicht mehr gewusst, wie spektakul\u00e4r dieses Ereigniss war, f\u00fcr mich ebenso wie vielleicht noch mehr f\u00fcr die belgische Familie, die niemals mit so etwas gerechnet h\u00e4tte. Ich hingegen war immerhin fast t\u00e4glich in dieser Beiz zu Gast, zum Fernfahrermittagessen. Dar\u00fcber will ich gar nix schreiben, wer mich liest, weiss, was das ist.<\/p>\n<p>Ich habe Hunger, ich h\u00f6re hier auf, gehe noch ein bisschen in die Stadt, einkaufen und nachher noch Znacht essen beim Chinesen. Sp\u00e4ter dann mehr zur Bretagne, wenn ich wieder denken kann.<\/p>\n<p>Dort, wo ein Messer steckt, dort ist das Auge, \u00fcbrigens. Ich bin nicht mehr sicher, ob wir das auch gegessen haben. Sicher bin ich hingegen, dass wir nicht alles geschafft haben. Ewig schade.<\/p>\n","protected":false},"excerpt":{"rendered":"<p>W\u00e4hrend ich hier am Hauptbahnhof Wien auf meinen Nachtzug zur\u00fcck nach Biel warte, kann ich mich kurz strukturieren und meinen Plan &#8222;Bretagne Overdose&#8220; durchdenken. Das heisst, mal rekapitulieren, warum ich letzten Sommer wieder mal die Ferien dort spontan um eine Woche verl\u00e4ngert habe, was soviel gekostet hat wie die ganzen zwei Wochen vorher. Und, noch [&hellip;]<\/p>\n","protected":false},"author":2,"featured_media":0,"comment_status":"open","ping_status":"open","sticky":false,"template":"","format":"standard","meta":{"spay_email":""},"categories":[6],"tags":[92,93,95,94],"jetpack_featured_media_url":"","_links":{"self":[{"href":"https:\/\/www.veloverlad.ch\/index.php?rest_route=\/wp\/v2\/posts\/1102"}],"collection":[{"href":"https:\/\/www.veloverlad.ch\/index.php?rest_route=\/wp\/v2\/posts"}],"about":[{"href":"https:\/\/www.veloverlad.ch\/index.php?rest_route=\/wp\/v2\/types\/post"}],"author":[{"embeddable":true,"href":"https:\/\/www.veloverlad.ch\/index.php?rest_route=\/wp\/v2\/users\/2"}],"replies":[{"embeddable":true,"href":"https:\/\/www.veloverlad.ch\/index.php?rest_route=%2Fwp%2Fv2%2Fcomments&post=1102"}],"version-history":[{"count":6,"href":"https:\/\/www.veloverlad.ch\/index.php?rest_route=\/wp\/v2\/posts\/1102\/revisions"}],"predecessor-version":[{"id":1108,"href":"https:\/\/www.veloverlad.ch\/index.php?rest_route=\/wp\/v2\/posts\/1102\/revisions\/1108"}],"wp:attachment":[{"href":"https:\/\/www.veloverlad.ch\/index.php?rest_route=%2Fwp%2Fv2%2Fmedia&parent=1102"}],"wp:term":[{"taxonomy":"category","embeddable":true,"href":"https:\/\/www.veloverlad.ch\/index.php?rest_route=%2Fwp%2Fv2%2Fcategories&post=1102"},{"taxonomy":"post_tag","embeddable":true,"href":"https:\/\/www.veloverlad.ch\/index.php?rest_route=%2Fwp%2Fv2%2Ftags&post=1102"}],"curies":[{"name":"wp","href":"https:\/\/api.w.org\/{rel}","templated":true}]}}